{"Signatur": "ZH_SVG_001", "Spider": "ZH_Sozialversicherungsgericht", "Sprache": "de", "Datum": "2023-09-14", "HTML": {"Datei": "ZH_Sozialversicherungsgericht/ZH_SVG_001_UV-2023-00091_2023-09-14.html", "URL": "https://findex.webgate.cloud/entscheide/UV.2023.00091.html", "Checksum": "1f8a02b2f2699c15687919da94dca91d"}, "Scrapedate": "2024-01-29", "Num": ["UV.2023.00091"], "Kopfzeile": [{"Sprachen": ["de"], "Text": "Z\u00fcrich Sozialversicherungsgericht 14.09.2023 UV.2023.00091"}, {"Sprachen": ["fr"], "Text": "Zurich Sozialversicherungsgericht 14.09.2023 UV.2023.00091"}, {"Sprachen": ["it"], "Text": "Zurigo Sozialversicherungsgericht 14.09.2023 UV.2023.00091"}], "Meta": [{"Sprachen": ["de"], "Text": "Z\u00fcrich Sozialversicherungsgericht "}, {"Sprachen": ["fr"], "Text": "Zurich Sozialversicherungsgericht "}, {"Sprachen": ["it"], "Text": "Zurigo Sozialversicherungsgericht "}], "Abstract": [{"Sprachen": ["de", "fr", "it"], "Text": "HWS-Schleudertrauma; Ad\u00e4quanzpr\u00fcfung nach Psycho-Praxis, da die zum typischen Beschwerdebild eines Schleudertraumas der Halswirbels\u00e4ule geh\u00f6renden Beeintr\u00e4chtigungen zwar teilweise gegeben, im Vergleich zu einer ausgepr\u00e4gten psychischen Problematik aber ganz in den Hintergrund getreten sind."}], "ScrapyJob": "446973/33/1380", "Zeit UTC": "29.01.2024 04:20:12", "Checksum": "10c5c3adc8f489afe0b270ace1762ccd"}