{"Signatur": "ZH_SVG_001", "Spider": "ZH_Sozialversicherungsgericht", "Sprache": "de", "Datum": "2024-01-15", "HTML": {"Datei": "ZH_Sozialversicherungsgericht/ZH_SVG_001_UV-2023-00130_2024-01-15.html", "URL": "https://findex.webgate.cloud/entscheide/UV.2023.00130.html", "Checksum": "c7919093bd596b40d0872965d02436e3"}, "Scrapedate": "2023-01-01", "Num": ["UV.2023.00130"], "Kopfzeile": [{"Sprachen": ["de"], "Text": "Z\u00fcrich Sozialversicherungsgericht 15.01.2024 UV.2023.00130"}, {"Sprachen": ["fr"], "Text": "Zurich Sozialversicherungsgericht 15.01.2024 UV.2023.00130"}, {"Sprachen": ["it"], "Text": "Zurigo Sozialversicherungsgericht 15.01.2024 UV.2023.00130"}], "Meta": [{"Sprachen": ["de"], "Text": "Z\u00fcrich Sozialversicherungsgericht "}, {"Sprachen": ["fr"], "Text": "Zurich Sozialversicherungsgericht "}, {"Sprachen": ["it"], "Text": "Zurigo Sozialversicherungsgericht "}], "Abstract": [{"Sprachen": ["de", "fr", "it"], "Text": "Knieverletzung; Unfallbegriff mangels ungew\u00f6hnlichen \u00e4usseren Faktors nicht erf\u00fcllt; Leistungspflicht gest\u00fctzt auf Art. 6 Abs. 2 UVG ebenfalls verneint, da Meniskusverletzung \u00fcberwiegend wahrscheinlich vorwiegend auf Abn\u00fctzung zur\u00fcckzuf\u00fchren ist."}], "ScrapyJob": "446973/33/1947", "Zeit UTC": "24.07.2025 00:44:32", "Checksum": "7cf4040305437db8c62aadcfaef75564"}