{"Signatur": "ZH_SVG_001", "Spider": "ZH_Sozialversicherungsgericht", "Sprache": "de", "Datum": "2010-09-29", "HTML": {"Datei": "ZH_Sozialversicherungsgericht/ZH_SVG_001_ZL-2009-00009_2010-09-29.html", "URL": "https://chid003d.ideso.ch/c050018/svg/findexweb.nsf/urteil.xsp?uid=UWEE-9AR59V", "Checksum": "93f400ddc6b5bad37bbc12cd1b6c2e69"}, "Num": ["ZL.2009.00009"], "Kopfzeile": [{"Sprachen": ["de"], "Text": "Z\u00fcrich Sozialverischerungsgericht 29.09.2010 ZL.2009.00009"}, {"Sprachen": ["fr"], "Text": "Zurich Sozialverischerungsgericht 29.09.2010 ZL.2009.00009"}, {"Sprachen": ["it"], "Text": "Zurigo Sozialverischerungsgericht 29.09.2010 ZL.2009.00009"}], "Meta": [{"Sprachen": ["de"], "Text": "Z\u00fcrich Sozialverischerungsgericht "}, {"Sprachen": ["fr"], "Text": "Zurich Sozialverischerungsgericht "}, {"Sprachen": ["it"], "Text": "Zurigo Sozialverischerungsgericht "}], "Abstract": [{"Sprachen": ["de", "fr", "it"], "Text": "Die Versicherte hatte ihren Wohnsitz in St\u00e4fa, als sie Anfang 2008 in das Altersheim in Schmerikon SG eintrat. Damit ist St\u00e4fa f\u00fcr die Ausrichtung der EL zust\u00e4ndig."}], "ScrapyJob": "446973/33/117", "Zeit UTC": "21.02.2021 00:58:43", "Checksum": "e3506541d7b527e6417f3e57c077a27a"}