{"Signatur": "ZH_SVG_001", "Spider": "ZH_Sozialversicherungsgericht", "Sprache": "de", "Datum": "2020-11-13", "HTML": {"Datei": "ZH_Sozialversicherungsgericht/ZH_SVG_001_ZL-2020-00027_2020-11-13.html", "URL": "https://findex.webgate.cloud/entscheide/ZL.2020.00027.html", "Checksum": "747fc13ff44e3b8f68de1337fcb70a6b"}, "Scrapedate": "2023-01-01", "Num": ["ZL.2020.00027"], "Kopfzeile": [{"Sprachen": ["de"], "Text": "Z\u00fcrich Sozialversicherungsgericht 13.11.2020 ZL.2020.00027"}, {"Sprachen": ["fr"], "Text": "Zurich Sozialversicherungsgericht 13.11.2020 ZL.2020.00027"}, {"Sprachen": ["it"], "Text": "Zurigo Sozialversicherungsgericht 13.11.2020 ZL.2020.00027"}], "Meta": [{"Sprachen": ["de"], "Text": "Z\u00fcrich Sozialversicherungsgericht "}, {"Sprachen": ["fr"], "Text": "Zurich Sozialversicherungsgericht "}, {"Sprachen": ["it"], "Text": "Zurigo Sozialversicherungsgericht "}], "Abstract": [{"Sprachen": ["de", "fr", "it"], "Text": "Sachverhalt in Bezug auf die Frage nach der Zweckm\u00e4ssigkeit und Wirtschaftlichkeit einer Teilnahme an einem Besch\u00e4ftigungsprogramm in Tagesstrukturen und der Frage nach dem Anspruch auf Verg\u00fctung der Kosten dieser Massnahme im Rahmen der Verg\u00fctung von Krankheits- und Behinderungskosten nicht rechtsgen\u00fcgend abgekl\u00e4rt; Gutheissung und R\u00fcckweisung.  "}], "ScrapyJob": "446973/33/1864", "Zeit UTC": "06.05.2025 02:35:53", "Checksum": "9d3253362f6b59f7664376630c18c875"}