{"Signatur": "ZH_SVG_001", "Spider": "ZH_Sozialversicherungsgericht", "Sprache": "de", "Datum": "2024-06-27", "HTML": {"Datei": "ZH_Sozialversicherungsgericht/ZH_SVG_001_ZL-2023-00098_2024-06-27.html", "URL": "https://findex.webgate.cloud/entscheide/ZL.2023.00098.html", "Checksum": "38615d5221e1a7ce650c036e5562c0e2"}, "Scrapedate": "2023-01-01", "Num": ["ZL.2023.00098"], "Kopfzeile": [{"Sprachen": ["de"], "Text": "Z\u00fcrich Sozialversicherungsgericht 27.06.2024 ZL.2023.00098"}, {"Sprachen": ["fr"], "Text": "Zurich Sozialversicherungsgericht 27.06.2024 ZL.2023.00098"}, {"Sprachen": ["it"], "Text": "Zurigo Sozialversicherungsgericht 27.06.2024 ZL.2023.00098"}], "Meta": [{"Sprachen": ["de"], "Text": "Z\u00fcrich Sozialversicherungsgericht "}, {"Sprachen": ["fr"], "Text": "Zurich Sozialversicherungsgericht "}, {"Sprachen": ["it"], "Text": "Zurigo Sozialversicherungsgericht "}], "Abstract": [{"Sprachen": ["de", "fr", "it"], "Text": "Die Leistungspflicht nach ZLV 14 f\u00fcr die Betreuung von Behinderten in Tagesstrukturen ist auf die Kosten von effektiven Aufenthaltstagen beschr\u00e4nkt. Monatspauschalen, die unabh\u00e4ngig von der Anzahl der effektiven Aufenthaltstage in Rechnung gestellt werden, sind daher nicht zu \u00fcbernehmen."}], "ScrapyJob": "446973/33/1947", "Zeit UTC": "24.07.2025 00:50:17", "Checksum": "516536e26ab99424fe0c96de72f1ac30"}