{"Signatur": "ZH_SVG_001", "Spider": "ZH_Sozialversicherungsgericht", "Sprache": "de", "Datum": "2025-01-30", "HTML": {"Datei": "ZH_Sozialversicherungsgericht/ZH_SVG_001_ZL-2024-00063_2025-01-30.html", "URL": "https://findex.webgate.cloud/entscheide/ZL.2024.00063.html", "Checksum": "455b98b776a047d94879e3075c4dbe17"}, "Scrapedate": "2023-01-01", "Num": ["ZL.2024.00063"], "Kopfzeile": [{"Sprachen": ["de"], "Text": "Z\u00fcrich Sozialversicherungsgericht 30.01.2025 ZL.2024.00063"}, {"Sprachen": ["fr"], "Text": "Zurich Sozialversicherungsgericht 30.01.2025 ZL.2024.00063"}, {"Sprachen": ["it"], "Text": "Zurigo Sozialversicherungsgericht 30.01.2025 ZL.2024.00063"}], "Meta": [{"Sprachen": ["de"], "Text": "Z\u00fcrich Sozialversicherungsgericht "}, {"Sprachen": ["fr"], "Text": "Zurich Sozialversicherungsgericht "}, {"Sprachen": ["it"], "Text": "Zurigo Sozialversicherungsgericht "}], "Abstract": [{"Sprachen": ["de", "fr", "it"], "Text": "Einstellung der Zusatzleistungen bei \u00fcber 90 Tage dauerndem Auslandaufenthalt und R\u00fcckforderung der bereits ausgerichteten Leistungen erweist sich als korrekt; die zehnj\u00e4hrige Karenzfrist beginnt mit der R\u00fcckkehr in die Schweiz allerdings nicht neu zu laufen; Erg\u00e4nzungsleistungen sind ab dem Monat wieder auszurichten, der auf die R\u00fcckkehr in die Schweiz folgt und folglich ab Februar 2024; R\u00fcckweisung zur Berechnung."}], "ScrapyJob": "446973/33/1947", "Zeit UTC": "24.07.2025 00:45:32", "Checksum": "36b045d0697ff0bee6850ea4a8ea9588"}