{"Signatur": "ZH_VG_001", "Spider": "ZH_Verwaltungsgericht", "Sprache": "de", "Datum": "2022-01-03", "HTML": {"Datei": "ZH_Verwaltungsgericht/ZH_VG_001_-AN-2021-00024_2022-01-03.html", "URL": "https://vgrzh.djiktzh.ch/cgi-bin/nph-omniscgi.exe?OmnisPlatform=WINDOWS&WebServerUrl=&WebServerScript=/cgi-bin/nph-omniscgi.exe&OmnisLibrary=JURISWEB&OmnisClass=rtFindinfoWebHtmlService&OmnisServer=JURISWEB,127.0.0.1:7000&Parametername=WWW&Schema=ZH_VG_WEB&Source=&Aufruf=getMarkupDocument&cSprache=GER&nF30_KEY=222005&W10_KEY=13823157&nTrefferzeile=89&Template=standard/results/document.fiw", "Checksum": "7c7b92f8d2d19a5fa9b7b18f33d8a750"}, "Scrapedate": "2026-04-06", "Num": [" AN.2021.00024"], "Kopfzeile": [{"Sprachen": ["de"], "Text": "Z\u00fcrich Verwaltungsgericht 03.01.2022  AN.2021.00024"}, {"Sprachen": ["fr"], "Text": "Zurich Verwaltungsgericht 03.01.2022  AN.2021.00024"}, {"Sprachen": ["it"], "Text": "Zurigo Verwaltungsgericht 03.01.2022  AN.2021.00024"}], "Meta": [{"Sprachen": ["de"], "Text": "Z\u00fcrich Verwaltungsgericht "}, {"Sprachen": ["fr"], "Text": "Zurich Verwaltungsgericht "}, {"Sprachen": ["it"], "Text": "Zurigo Verwaltungsgericht "}, {"Sprachen": ["de", "fr", "it"], "Text": "4. Abteilung/4. Kammer"}], "Abstract": [{"Sprachen": ["de", "fr", "it"], "Text": "Verordnung vom 22. September 2021 \u00fcber die Massnahmen zur Bek\u00e4mpfung der Covid-19-Epidemie im Bildungsbereich (V Covid-19 Bildungsbereich) | Die Beschwerdef\u00fchrenden haben als Eltern zweier Kinder, welche im Kanton Z\u00fcrich eine 1. Primarklasse bzw. den Kindergarten besuchen, ein Interesse an der Aufhebung der diese betreffenden Bestimmungen in der angefochtenen Verordnung. Vom Erfordernis eines aktuellen Rechtsschutzinteresses kann abgesehen werden (E. 1.2). \u00a7 1 Abs. 3 lit. e V Covid-19 Bildungsbereich verst\u00f6sst nicht gegen Bundesrecht (E. 4).  Die strittige (befristete) Maskentragpflicht in Schulh\u00e4usern kann von der zust\u00e4ndigen kantonalen Exekutivbeh\u00f6rde (direkt) gest\u00fctzt auf Art. 40 EpG eingef\u00fchrt werden; die in der angefochtenen Verordnung enthaltene Verpflichtung der in \u00a7 1 Abs. 2 V Covid-19 Bildungsbereich genannten Einrichtungen, eine tempor\u00e4re Maskentragpflicht auch f\u00fcr Primarschulkinder in ihre Schutzkonzepte aufzunehmen, stellt auch keine unzul\u00e4ssige Delegation von Rechtsetzungsbefugnissen dar (E. 5.2.1). Es l\u00e4sst sich sodann nicht sagen, dass mit der Anordnung der strittigen Schutzmassnahmen im Einzelfall per se ein unverh\u00e4ltnism\u00e4ssiger Grundrechtseingriff verbunden w\u00e4re (E. 5.1 und E. 5.2.2).  Abweisung."}], "ScrapyJob": "446973/29/2343", "Zeit UTC": "06.04.2026 22:16:03", "Checksum": "c066dfde747eddf79f85fab3948eaee7"}