{"Signatur": "ZH_VG_001", "Spider": "ZH_Verwaltungsgericht", "Sprache": "de", "Datum": "24.05.2012", "HTML": {"Datei": "ZH_Verwaltungsgericht/ZH_VG_001_-VB-2012-00102_24-05-2012.html", "URL": "https://vgrzh.djiktzh.ch/cgi-bin/nph-omniscgi.exe?OmnisPlatform=WINDOWS&WebServerUrl=https://vgrzh.djiktzh.ch&WebServerScript=/cgi-bin/nph-omniscgi.exe&OmnisLibrary=JURISWEB&OmnisClass=rtFindinfoWebHtmlService&OmnisServer=JURISWEB,127.0.0.1:7000&Parametername=WWW&Schema=ZH_VG_WEB&Source=&Aufruf=getMarkupDocument&cSprache=GER&nF30_KEY=211841&W10_KEY=4467116&nTrefferzeile=7&Template=standard/results/document.fiw", "Checksum": "b3bb3c80115d555e2e34b4a2271df073"}, "Num": [" VB.2012.00102"], "Kopfzeile": [{"Sprachen": ["de"], "Text": "Z\u00fcrich Verwaltungsgericht 12..2.24.0  VB.2012.00102"}, {"Sprachen": ["fr"], "Text": "Zurich Verwaltungsgericht 12..2.24.0  VB.2012.00102"}, {"Sprachen": ["it"], "Text": "Zurigo Verwaltungsgericht 12..2.24.0  VB.2012.00102"}], "Meta": [{"Sprachen": ["de"], "Text": "Z\u00fcrich Verwaltungsgericht "}, {"Sprachen": ["fr"], "Text": "Zurich Verwaltungsgericht "}, {"Sprachen": ["it"], "Text": "Zurigo Verwaltungsgericht "}, {"Sprachen": ["de", "fr", "it"], "Text": "3. Abteilung/Einzelrichter"}], "Abstract": [{"Sprachen": ["de", "fr", "it"], "Text": "Geb\u00fchrenpflicht f\u00fcr n\u00e4chtliches Dauerparkieren | Geb\u00fchrenpflicht f\u00fcr n\u00e4chtliches Dauerparkieren. Nach Art. 1 der Nachtparkierverordnung Winterthur ist es nur mit beh\u00f6rdlicher Bewilligung gestattet, Automobile \u00fcber Nacht regelm\u00e4ssig auf \u00f6ffentlichem Grund oder auf allgemein zug\u00e4nglichen st\u00e4dtischen Parkpl\u00e4tzen abzustellen. Rechtsgrundlagen der Bewilligungsgeb\u00fchr (E. 3.1). Mit der Nachtparkierverordnung besteht auf kommunaler Ebene eine formell gen\u00fcgende gesetzliche Grundlage daf\u00fcr, um allen Besitzern von Fahrzeugen, die regelm\u00e4ssig \u00fcber Nacht auf \u00f6ffentlichem Grund in Winterthur abgestellt sind, eine Geb\u00fchr hierf\u00fcr aufzuerlegen (E. 5.1). Diese faktische Inanspruchnahme wird nicht dem Fahrzeuglenker, sondern dem Fahrzeugbesitzer zugerechnet. Es bleibt daher ohne Bedeutung, ob der Beschwerdef\u00fchrer die Geb\u00fchr auf einen verantwortlichen Lenker \u00fcberw\u00e4lzen kann (E. 5.2). Wenn sich die Beschwerdegegnerin bei der Frage, wann ein Fahrzeug regelm\u00e4ssig \u00fcber Nacht auf \u00f6ffentlichem Grund abgestellt ist, an ihrer eigenen Praxis und nicht an den Regelungen anderer Gemeinden orientiert, ist dies nicht zu beanstanden (E. 5.3). Abweisung der Beschwerde."}], "ScrapyJob": "446973/29/93", "Zeit UTC": "18.01.2021 21:35:28", "Checksum": "77c813a65a365cb8f0e87b17ccb02e9c"}