{"Signatur": "ZH_VG_001", "Spider": "ZH_Verwaltungsgericht", "Sprache": "de", "Datum": "2023-03-30", "HTML": {"Datei": "ZH_Verwaltungsgericht/ZH_VG_001_-VB-2022-00537_2023-03-30.html", "URL": "https://vgrzh.djiktzh.ch/cgi-bin/nph-omniscgi.exe?OmnisPlatform=WINDOWS&WebServerUrl=&WebServerScript=/cgi-bin/nph-omniscgi.exe&OmnisLibrary=JURISWEB&OmnisClass=rtFindinfoWebHtmlService&OmnisServer=JURISWEB,127.0.0.1:7000&Parametername=WWW&Schema=ZH_VG_WEB&Source=&Aufruf=getMarkupDocument&cSprache=GER&nF30_KEY=223133&W10_KEY=13955783&nTrefferzeile=85&Template=standard/results/document.fiw", "Checksum": "1e0f65de722f2d0fbb42361643af3900"}, "Scrapedate": "2026-04-25", "Num": [" VB.2022.00537"], "Kopfzeile": [{"Sprachen": ["de"], "Text": "Z\u00fcrich Verwaltungsgericht 30.03.2023  VB.2022.00537"}, {"Sprachen": ["fr"], "Text": "Zurich Verwaltungsgericht 30.03.2023  VB.2022.00537"}, {"Sprachen": ["it"], "Text": "Zurigo Verwaltungsgericht 30.03.2023  VB.2022.00537"}], "Meta": [{"Sprachen": ["de"], "Text": "Z\u00fcrich Verwaltungsgericht "}, {"Sprachen": ["fr"], "Text": "Zurich Verwaltungsgericht "}, {"Sprachen": ["it"], "Text": "Zurigo Verwaltungsgericht "}, {"Sprachen": ["de", "fr", "it"], "Text": "4. Abteilung/4. Kammer"}], "Abstract": [{"Sprachen": ["de", "fr", "it"], "Text": "befristete Anstellung | [Der Beschwerdef\u00fchrer wurde im Juli 2020 befristet f\u00fcr ein Jahr als Lehrbeauftragter an einer Kantonsschule angestellt. Im Juli 2021 verl\u00e4ngerte die Kantonsschule das Anstellungsverh\u00e4ltnis mit dem Beschwerdef\u00fchrer befristet um ein Jahr.] Best\u00e4tigung der Rechtsprechung, dass die Arbeit der Lehrbeauftragten an Mittelschulen Ausbildungscharakter hat (E. 2.1). Im Juli 2020 verf\u00fcgte der Beschwerdef\u00fchrer nur \u00fcber wenige Wochen Arbeitserfahrung, weshalb er nur befristet angestellt werden durfte. Da zudem bereits bei der Anstellung des Beschwerdef\u00fchrers feststand, dass sein Lehrauftrag l\u00e4ngstens bis im Sommer 2022 dauern w\u00fcrde und per Schuljahr 2022/2023 durch eine unbefriste Anstellung abgel\u00f6st werden sollte, durfte die Kantonsschule das Anstellungsverh\u00e4ltnis des Beschwerdef\u00fchrers im Sommer 2021 befristet auf ein Jahr verl\u00e4ngern (E. 2.2). Abweisung."}], "ScrapyJob": "446973/29/2362", "Zeit UTC": "25.04.2026 01:32:03", "Checksum": "d994a1df6a574b6344f3728f2da93fbb"}