{"Signatur": "ZH_VG_001", "Spider": "ZH_Verwaltungsgericht", "Sprache": "de", "Datum": "2025-12-18", "HTML": {"Datei": "ZH_Verwaltungsgericht/ZH_VG_001_-VB-2023-00660_2025-12-18.html", "URL": "https://vgrzh.djiktzh.ch/cgi-bin/nph-omniscgi.exe?OmnisPlatform=WINDOWS&WebServerUrl=&WebServerScript=/cgi-bin/nph-omniscgi.exe&OmnisLibrary=JURISWEB&OmnisClass=rtFindinfoWebHtmlService&OmnisServer=JURISWEB,127.0.0.1:7000&Parametername=WWW&Schema=ZH_VG_WEB&Source=&Aufruf=getMarkupDocument&cSprache=GER&nF30_KEY=225545&W10_KEY=13955782&nTrefferzeile=2&Template=standard/results/document.fiw", "Checksum": "fc61edc65a9c1ca57d57e5773a7df214"}, "Scrapedate": "2026-04-25", "Num": [" VB.2023.00660"], "Kopfzeile": [{"Sprachen": ["de"], "Text": "Z\u00fcrich Verwaltungsgericht 18.12.2025  VB.2023.00660"}, {"Sprachen": ["fr"], "Text": "Zurich Verwaltungsgericht 18.12.2025  VB.2023.00660"}, {"Sprachen": ["it"], "Text": "Zurigo Verwaltungsgericht 18.12.2025  VB.2023.00660"}], "Meta": [{"Sprachen": ["de"], "Text": "Z\u00fcrich Verwaltungsgericht "}, {"Sprachen": ["fr"], "Text": "Zurich Verwaltungsgericht "}, {"Sprachen": ["it"], "Text": "Zurigo Verwaltungsgericht "}, {"Sprachen": ["de", "fr", "it"], "Text": "3. Abteilung/3. Kammer"}], "Abstract": [{"Sprachen": ["de", "fr", "it"], "Text": "Benutzung des \u00f6ffentlichen Grundes zu Sonderzwecken | Benutzung des \u00f6ffentlichen Grundes zu Sonderzwecken. Der Konkurs der Beschwerdegegnerin f\u00fchrt nicht zum nachtr\u00e4glichen Entfall des Rechtsschutzinteresses der Beschwerdef\u00fchrerin und damit zur Gegenstandslosigkeit des Verfahrens (E. 1.3). Der Fall ist nahezu identisch mit demjenigen, den das Verwaltungsgericht mit Urteil VB.2020.00592 vom 16. Dezember 2021 beurteilte. Auch der Betrieb eines stationslosen Fahrzeugverleihs f\u00fcr insgesamt 800 E-Tretroller stellt gesteigerten Gemeingebrauch dar, welcher erh\u00f6ht regelungsbed\u00fcrftig erscheint. Anders als bei privaten Halterinnen und Haltern von (Motor-)Fahrr\u00e4dern, welche ihre Gef\u00e4hrte angelegentlich zwar ebenfalls auf \u00f6ffentlichen Fl\u00e4chen abstellen, liegt bei einem auf \u00f6ffentlichem Grund betriebenen kommerziellen Fahrzeugverleiher schon mit Blick auf die Gr\u00f6sse der Flotte eine g\u00e4nzlich andere Situation vor, wobei selbstredend nicht das einzelne Fahrzeug isoliert betrachtet werden kann, sondern auf die Summe der durch den einzelnen Betrieb insgesamt beanspruchten Fl\u00e4che abzustellen ist (E. 3.2). Mitteilung des Urteils an die Beschwerdegegnerin mittels Publikation des Dispositivs im Amtsblatt (E. 5). Gutheissung. Aufhebung der Verf\u00fcgung des Statthalteramts und Best\u00e4tigung des Beschlusses des Stadtrats."}], "ScrapyJob": "446973/29/2362", "Zeit UTC": "25.04.2026 01:35:41", "Checksum": "0070cf544fb26bb5c03faf9e8f5ee74e"}