{"Signatur": "ZH_VG_001", "Spider": "ZH_Verwaltungsgericht", "Sprache": "de", "Datum": "24.07.2019", "HTML": {"Datei": "ZH_Verwaltungsgericht/ZH_VG_001_-VK-2018-00004_24-07-2019.html", "URL": "https://vgrzh.djiktzh.ch/cgi-bin/nph-omniscgi.exe?OmnisPlatform=WINDOWS&WebServerUrl=https://vgrzh.djiktzh.ch&WebServerScript=/cgi-bin/nph-omniscgi.exe&OmnisLibrary=JURISWEB&OmnisClass=rtFindinfoWebHtmlService&OmnisServer=JURISWEB,127.0.0.1:7000&Parametername=WWW&Schema=ZH_VG_WEB&Source=&Aufruf=getMarkupDocument&cSprache=GER&nF30_KEY=219422&W10_KEY=4477999&nTrefferzeile=47&Template=standard/results/document.fiw", "Checksum": "a38fe7eac2ff2d715126f54a9849fbab"}, "Num": [" VK.2018.00004"], "Kopfzeile": [{"Sprachen": ["de"], "Text": "Z\u00fcrich Verwaltungsgericht 19..2.24.0  VK.2018.00004"}, {"Sprachen": ["fr"], "Text": "Zurich Verwaltungsgericht 19..2.24.0  VK.2018.00004"}, {"Sprachen": ["it"], "Text": "Zurigo Verwaltungsgericht 19..2.24.0  VK.2018.00004"}], "Meta": [{"Sprachen": ["de"], "Text": "Z\u00fcrich Verwaltungsgericht "}, {"Sprachen": ["fr"], "Text": "Zurich Verwaltungsgericht "}, {"Sprachen": ["it"], "Text": "Zurigo Verwaltungsgericht "}, {"Sprachen": ["de", "fr", "it"], "Text": "4. Abteilung/4. Kammer"}], "Abstract": [{"Sprachen": ["de", "fr", "it"], "Text": "betreffend \"Heidi Weber Museum\" \u2013 Centre Le Corbusier.\r(Wiederaufnahme von VB.2017.00621)\r | [\"Heidi Weber Museum\" - Centre Le Corbusier (Wiederaufnahme von VB.2017.00621 nach Gutheissung einer Beschwerde und R\u00fcckweisung durch das Bundesgericht zur weiteren Beurteilung)] Ein von der Kl\u00e4gerin und der damaligen Stadtpr\u00e4sidentin der Beklagten verfasster bzw. unterzeichneter \"Letter of Intent\", in welchem die Stadtpr\u00e4sidentin im Hinblick auf den bevorstehenden Heimfall eines Geb\u00e4udes ihre Absicht bekundete, insbesondere sich bei den zust\u00e4ndigen Beh\u00f6rden f\u00fcr die Gr\u00fcndung einer \u00f6ffentlich-rechtlichen Stiftung im Hinblick auf den Betrieb eines Museums im Geb\u00e4ude einzusetzen, stellt keine vertragliche Vereinbarung dar. Der Kl\u00e4gerin kommen hieraus somit keine vertraglichen Anspr\u00fcche gegen\u00fcber der Beklagten zu (E. 3.4). Die Kl\u00e4gerin hat auch keinen (sich aus einer \u00f6ffentlich-rechtlichen Grundlage ergebenden) Anspruch darauf, dass die Beklagte im Zusammenhang mit dem Geb\u00e4ude den von ihr gew\u00fcnschten Namen verwendet (E. 3.5). Abweisung der Klage."}], "ScrapyJob": "446973/29/104", "Zeit UTC": "24.01.2021 07:58:44", "Checksum": "894fb73c9fa556cd8f09ad9330995b4f"}